{"id":1,"date":"2025-04-30T20:00:47","date_gmt":"2025-04-30T20:00:47","guid":{"rendered":"https:\/\/manastireaantim.ro\/?p=1"},"modified":"2025-05-10T17:23:31","modified_gmt":"2025-05-10T17:23:31","slug":"conferinta-importanta-miscarii-isihaste-rugul-aprins-vineri-2-mai-2025","status":"publish","type":"post","link":"https:\/\/manastireaantim.ro\/en\/conferinta-importanta-miscarii-isihaste-rugul-aprins-vineri-2-mai-2025\/","title":{"rendered":"Conference \"Importan\u021ba Mi\u0219c\u0103rii Isihaste Rugul Aprins\" | Friday, May 02, 2025, 18:00"},"content":{"rendered":"<p>Cu binecuv\u00e2ntarea Preafericitului P\u0103rinte Patriarh DANIEL, la M\u0103n\u0103stirea Antim &#8211; Paraclis Patriarhal va avea loc conferin\u021ba intitulat\u0103: &#8222;Importan\u021ba Mi\u0219c\u0103rii Isihaste Rugul Aprins&#8221; Vineri, 02 Mai 2025, \u00een biserica m\u0103n\u0103stirii, de la ora 18:00.<br><br>Invita\u021bi la acest eveniment sunt:<\/p>\n\n\n\n<ul class=\"wp-block-list\">\n<li>Arhid. Prof. Dr. Ioan IC\u0102 Jr.<\/li>\n\n\n\n<li>Pr. Prof. Dr. Constantin P\u0102TULEANU<\/li>\n\n\n\n<li>Arhim. Mihail STANCIU<\/li>\n\n\n\n<li>Dl. Prof. Marius VASILEANU<\/li>\n<\/ul>\n\n\n\n<p>V\u0103 a\u0219tept\u0103m!<\/p>","protected":false},"excerpt":{"rendered":"<p>Cu binecuv\u00e2ntarea Preafericitului P\u0103rinte Patriarh DANIEL, la M\u0103n\u0103stirea Antim &#8211; Paraclis Patriarhal va avea loc conferin\u021ba intitulat\u0103: &#8222;Importan\u021ba Mi\u0219c\u0103rii Isihaste Rugul Aprins&#8221; Vineri, 02 Mai 2025, \u00een biserica m\u0103n\u0103stirii, de la ora 18:00. Invita\u021bi la acest eveniment sunt: V\u0103 a\u0219tept\u0103m!<\/p>","protected":false},"author":1,"featured_media":0,"comment_status":"open","ping_status":"open","sticky":false,"template":"","format":"standard","meta":{"_et_pb_use_builder":"","_et_pb_old_content":"","_et_gb_content_width":"","footnotes":""},"categories":[10],"tags":[],"class_list":["post-1","post","type-post","status-publish","format-standard","hentry","category-evenimente"],"yoast_head":"<!-- This site is optimized with the Yoast SEO plugin v27.1.1 - https:\/\/yoast.com\/product\/yoast-seo-wordpress\/ -->\n<title>Conferin\u021ba &quot;Importan\u021ba Mi\u0219c\u0103rii Isihaste Rugul Aprins&quot; | Vineri, 02 mai 2025, ora 18:00 - M\u0103n\u0103stirea Antim<\/title>\n<meta name=\"robots\" content=\"index, follow, max-snippet:-1, max-image-preview:large, max-video-preview:-1\" \/>\n<link rel=\"canonical\" href=\"https:\/\/manastireaantim.ro\/en\/conferinta-importanta-miscarii-isihaste-rugul-aprins-vineri-2-mai-2025\/\" \/>\n<meta property=\"og:locale\" content=\"en_GB\" \/>\n<meta property=\"og:type\" content=\"article\" \/>\n<meta property=\"og:title\" content=\"Conferin\u021ba &quot;Importan\u021ba Mi\u0219c\u0103rii Isihaste Rugul Aprins&quot; | Vineri, 02 mai 2025, ora 18:00 - M\u0103n\u0103stirea Antim\" \/>\n<meta property=\"og:description\" content=\"Cu binecuv\u00e2ntarea Preafericitului P\u0103rinte Patriarh DANIEL, la M\u0103n\u0103stirea Antim &#8211; Paraclis Patriarhal va avea loc conferin\u021ba intitulat\u0103: &#8222;Importan\u021ba Mi\u0219c\u0103rii Isihaste Rugul Aprins&#8221; Vineri, 02 Mai 2025, \u00een biserica m\u0103n\u0103stirii, de la ora 18:00. Invita\u021bi la acest eveniment sunt: V\u0103 a\u0219tept\u0103m!\" \/>\n<meta property=\"og:url\" content=\"https:\/\/manastireaantim.ro\/en\/conferinta-importanta-miscarii-isihaste-rugul-aprins-vineri-2-mai-2025\/\" \/>\n<meta property=\"og:site_name\" content=\"M\u0103n\u0103stirea Antim\" \/>\n<meta property=\"article:published_time\" content=\"2025-04-30T20:00:47+00:00\" \/>\n<meta property=\"article:modified_time\" content=\"2025-05-10T17:23:31+00:00\" \/>\n<meta name=\"author\" content=\"manastireaantim\" \/>\n<meta name=\"twitter:card\" content=\"summary_large_image\" \/>\n<meta name=\"twitter:label1\" content=\"Written by\" \/>\n\t<meta name=\"twitter:data1\" content=\"manastireaantim\" \/>\n<script type=\"application\/ld+json\" class=\"yoast-schema-graph\">{\"@context\":\"https:\/\/schema.org\",\"@graph\":[{\"@type\":\"Article\",\"@id\":\"https:\/\/manastireaantim.ro\/conferinta-importanta-miscarii-isihaste-rugul-aprins-vineri-2-mai-2025\/#article\",\"isPartOf\":{\"@id\":\"https:\/\/manastireaantim.ro\/conferinta-importanta-miscarii-isihaste-rugul-aprins-vineri-2-mai-2025\/\"},\"author\":{\"name\":\"manastireaantim\",\"@id\":\"https:\/\/manastireaantim.ro\/#\/schema\/person\/a322b36b3e93a2a5f720d8fa30396be4\"},\"headline\":\"Conferin\u021ba &#8222;Importan\u021ba Mi\u0219c\u0103rii Isihaste Rugul Aprins&#8221; | Vineri, 02 mai 2025, ora 18:00\",\"datePublished\":\"2025-04-30T20:00:47+00:00\",\"dateModified\":\"2025-05-10T17:23:31+00:00\",\"mainEntityOfPage\":{\"@id\":\"https:\/\/manastireaantim.ro\/conferinta-importanta-miscarii-isihaste-rugul-aprins-vineri-2-mai-2025\/\"},\"wordCount\":82,\"commentCount\":1,\"publisher\":{\"@id\":\"https:\/\/manastireaantim.ro\/#organization\"},\"articleSection\":[\"Evenimente\"],\"inLanguage\":\"en-GB\",\"potentialAction\":[{\"@type\":\"CommentAction\",\"name\":\"Comment\",\"target\":[\"https:\/\/manastireaantim.ro\/conferinta-importanta-miscarii-isihaste-rugul-aprins-vineri-2-mai-2025\/#respond\"]}]},{\"@type\":\"WebPage\",\"@id\":\"https:\/\/manastireaantim.ro\/conferinta-importanta-miscarii-isihaste-rugul-aprins-vineri-2-mai-2025\/\",\"url\":\"https:\/\/manastireaantim.ro\/conferinta-importanta-miscarii-isihaste-rugul-aprins-vineri-2-mai-2025\/\",\"name\":\"Conferin\u021ba \\\"Importan\u021ba Mi\u0219c\u0103rii Isihaste Rugul Aprins\\\" | Vineri, 02 mai 2025, ora 18:00 - M\u0103n\u0103stirea Antim\",\"isPartOf\":{\"@id\":\"https:\/\/manastireaantim.ro\/#website\"},\"datePublished\":\"2025-04-30T20:00:47+00:00\",\"dateModified\":\"2025-05-10T17:23:31+00:00\",\"breadcrumb\":{\"@id\":\"https:\/\/manastireaantim.ro\/conferinta-importanta-miscarii-isihaste-rugul-aprins-vineri-2-mai-2025\/#breadcrumb\"},\"inLanguage\":\"en-GB\",\"potentialAction\":[{\"@type\":\"ReadAction\",\"target\":[\"https:\/\/manastireaantim.ro\/conferinta-importanta-miscarii-isihaste-rugul-aprins-vineri-2-mai-2025\/\"]}]},{\"@type\":\"BreadcrumbList\",\"@id\":\"https:\/\/manastireaantim.ro\/conferinta-importanta-miscarii-isihaste-rugul-aprins-vineri-2-mai-2025\/#breadcrumb\",\"itemListElement\":[{\"@type\":\"ListItem\",\"position\":1,\"name\":\"Prima pagin\u0103\",\"item\":\"https:\/\/manastireaantim.ro\/\"},{\"@type\":\"ListItem\",\"position\":2,\"name\":\"Conferin\u021ba &#8222;Importan\u021ba Mi\u0219c\u0103rii Isihaste Rugul Aprins&#8221; | Vineri, 02 mai 2025, ora 18:00\"}]},{\"@type\":\"WebSite\",\"@id\":\"https:\/\/manastireaantim.ro\/#website\",\"url\":\"https:\/\/manastireaantim.ro\/\",\"name\":\"M\u0103n\u0103stirea Antim\",\"description\":\"Ctitoria Sf\u00e2ntului Ierarh Martir Antim Ivireanul, Mitropolitul Valahiei\",\"publisher\":{\"@id\":\"https:\/\/manastireaantim.ro\/#organization\"},\"potentialAction\":[{\"@type\":\"SearchAction\",\"target\":{\"@type\":\"EntryPoint\",\"urlTemplate\":\"https:\/\/manastireaantim.ro\/?s={search_term_string}\"},\"query-input\":{\"@type\":\"PropertyValueSpecification\",\"valueRequired\":true,\"valueName\":\"search_term_string\"}}],\"inLanguage\":\"en-GB\"},{\"@type\":\"Organization\",\"@id\":\"https:\/\/manastireaantim.ro\/#organization\",\"name\":\"M\u0103n\u0103stirea Antim\",\"url\":\"https:\/\/manastireaantim.ro\/\",\"logo\":{\"@type\":\"ImageObject\",\"inLanguage\":\"en-GB\",\"@id\":\"https:\/\/manastireaantim.ro\/#\/schema\/logo\/image\/\",\"url\":\"https:\/\/manastireaantim.ro\/wp-content\/uploads\/2025\/05\/8-3-e1746976171689.webp\",\"contentUrl\":\"https:\/\/manastireaantim.ro\/wp-content\/uploads\/2025\/05\/8-3-e1746976171689.webp\",\"width\":1276,\"height\":1213,\"caption\":\"M\u0103n\u0103stirea Antim\"},\"image\":{\"@id\":\"https:\/\/manastireaantim.ro\/#\/schema\/logo\/image\/\"}},{\"@type\":\"Person\",\"@id\":\"https:\/\/manastireaantim.ro\/#\/schema\/person\/a322b36b3e93a2a5f720d8fa30396be4\",\"name\":\"manastireaantim\",\"image\":{\"@type\":\"ImageObject\",\"inLanguage\":\"en-GB\",\"@id\":\"https:\/\/manastireaantim.ro\/#\/schema\/person\/image\/\",\"url\":\"https:\/\/manastireaantim.ro\/wp-content\/litespeed\/avatar\/a30ba4dd6d65784dc2d2bad47ba85f1b.jpg?ver=1777431836\",\"contentUrl\":\"https:\/\/manastireaantim.ro\/wp-content\/litespeed\/avatar\/a30ba4dd6d65784dc2d2bad47ba85f1b.jpg?ver=1777431836\",\"caption\":\"manastireaantim\"},\"sameAs\":[\"https:\/\/manastireaantim.ro\"],\"url\":\"https:\/\/manastireaantim.ro\/en\/author\/manastireaantim\/\"}]}<\/script>\n<!-- \/ Yoast SEO plugin. -->","yoast_head_json":{"title":"Conferin\u021ba \"Importan\u021ba Mi\u0219c\u0103rii Isihaste Rugul Aprins\" | Vineri, 02 mai 2025, ora 18:00 - M\u0103n\u0103stirea Antim","robots":{"index":"index","follow":"follow","max-snippet":"max-snippet:-1","max-image-preview":"max-image-preview:large","max-video-preview":"max-video-preview:-1"},"canonical":"https:\/\/manastireaantim.ro\/en\/conferinta-importanta-miscarii-isihaste-rugul-aprins-vineri-2-mai-2025\/","og_locale":"en_GB","og_type":"article","og_title":"Conferin\u021ba \"Importan\u021ba Mi\u0219c\u0103rii Isihaste Rugul Aprins\" | Vineri, 02 mai 2025, ora 18:00 - M\u0103n\u0103stirea Antim","og_description":"Cu binecuv\u00e2ntarea Preafericitului P\u0103rinte Patriarh DANIEL, la M\u0103n\u0103stirea Antim &#8211; Paraclis Patriarhal va avea loc conferin\u021ba intitulat\u0103: &#8222;Importan\u021ba Mi\u0219c\u0103rii Isihaste Rugul Aprins&#8221; Vineri, 02 Mai 2025, \u00een biserica m\u0103n\u0103stirii, de la ora 18:00. Invita\u021bi la acest eveniment sunt: V\u0103 a\u0219tept\u0103m!","og_url":"https:\/\/manastireaantim.ro\/en\/conferinta-importanta-miscarii-isihaste-rugul-aprins-vineri-2-mai-2025\/","og_site_name":"M\u0103n\u0103stirea Antim","article_published_time":"2025-04-30T20:00:47+00:00","article_modified_time":"2025-05-10T17:23:31+00:00","author":"manastireaantim","twitter_card":"summary_large_image","twitter_misc":{"Written by":"manastireaantim"},"schema":{"@context":"https:\/\/schema.org","@graph":[{"@type":"Article","@id":"https:\/\/manastireaantim.ro\/conferinta-importanta-miscarii-isihaste-rugul-aprins-vineri-2-mai-2025\/#article","isPartOf":{"@id":"https:\/\/manastireaantim.ro\/conferinta-importanta-miscarii-isihaste-rugul-aprins-vineri-2-mai-2025\/"},"author":{"name":"manastireaantim","@id":"https:\/\/manastireaantim.ro\/#\/schema\/person\/a322b36b3e93a2a5f720d8fa30396be4"},"headline":"Conferin\u021ba &#8222;Importan\u021ba Mi\u0219c\u0103rii Isihaste Rugul Aprins&#8221; | Vineri, 02 mai 2025, ora 18:00","datePublished":"2025-04-30T20:00:47+00:00","dateModified":"2025-05-10T17:23:31+00:00","mainEntityOfPage":{"@id":"https:\/\/manastireaantim.ro\/conferinta-importanta-miscarii-isihaste-rugul-aprins-vineri-2-mai-2025\/"},"wordCount":82,"commentCount":1,"publisher":{"@id":"https:\/\/manastireaantim.ro\/#organization"},"articleSection":["Evenimente"],"inLanguage":"en-GB","potentialAction":[{"@type":"CommentAction","name":"Comment","target":["https:\/\/manastireaantim.ro\/conferinta-importanta-miscarii-isihaste-rugul-aprins-vineri-2-mai-2025\/#respond"]}]},{"@type":"WebPage","@id":"https:\/\/manastireaantim.ro\/conferinta-importanta-miscarii-isihaste-rugul-aprins-vineri-2-mai-2025\/","url":"https:\/\/manastireaantim.ro\/conferinta-importanta-miscarii-isihaste-rugul-aprins-vineri-2-mai-2025\/","name":"Conferin\u021ba \"Importan\u021ba Mi\u0219c\u0103rii Isihaste Rugul Aprins\" | Vineri, 02 mai 2025, ora 18:00 - M\u0103n\u0103stirea Antim","isPartOf":{"@id":"https:\/\/manastireaantim.ro\/#website"},"datePublished":"2025-04-30T20:00:47+00:00","dateModified":"2025-05-10T17:23:31+00:00","breadcrumb":{"@id":"https:\/\/manastireaantim.ro\/conferinta-importanta-miscarii-isihaste-rugul-aprins-vineri-2-mai-2025\/#breadcrumb"},"inLanguage":"en-GB","potentialAction":[{"@type":"ReadAction","target":["https:\/\/manastireaantim.ro\/conferinta-importanta-miscarii-isihaste-rugul-aprins-vineri-2-mai-2025\/"]}]},{"@type":"BreadcrumbList","@id":"https:\/\/manastireaantim.ro\/conferinta-importanta-miscarii-isihaste-rugul-aprins-vineri-2-mai-2025\/#breadcrumb","itemListElement":[{"@type":"ListItem","position":1,"name":"Prima pagin\u0103","item":"https:\/\/manastireaantim.ro\/"},{"@type":"ListItem","position":2,"name":"Conferin\u021ba &#8222;Importan\u021ba Mi\u0219c\u0103rii Isihaste Rugul Aprins&#8221; | Vineri, 02 mai 2025, ora 18:00"}]},{"@type":"WebSite","@id":"https:\/\/manastireaantim.ro\/#website","url":"https:\/\/manastireaantim.ro\/","name":"M\u0103n\u0103stirea Antim","description":"Monastery of St. Martyr Antim Ivireanul, Metropolitan of Wallachia","publisher":{"@id":"https:\/\/manastireaantim.ro\/#organization"},"potentialAction":[{"@type":"SearchAction","target":{"@type":"EntryPoint","urlTemplate":"https:\/\/manastireaantim.ro\/?s={search_term_string}"},"query-input":{"@type":"PropertyValueSpecification","valueRequired":true,"valueName":"search_term_string"}}],"inLanguage":"en-GB"},{"@type":"Organization","@id":"https:\/\/manastireaantim.ro\/#organization","name":"M\u0103n\u0103stirea Antim","url":"https:\/\/manastireaantim.ro\/","logo":{"@type":"ImageObject","inLanguage":"en-GB","@id":"https:\/\/manastireaantim.ro\/#\/schema\/logo\/image\/","url":"https:\/\/manastireaantim.ro\/wp-content\/uploads\/2025\/05\/8-3-e1746976171689.webp","contentUrl":"https:\/\/manastireaantim.ro\/wp-content\/uploads\/2025\/05\/8-3-e1746976171689.webp","width":1276,"height":1213,"caption":"M\u0103n\u0103stirea Antim"},"image":{"@id":"https:\/\/manastireaantim.ro\/#\/schema\/logo\/image\/"}},{"@type":"Person","@id":"https:\/\/manastireaantim.ro\/#\/schema\/person\/a322b36b3e93a2a5f720d8fa30396be4","name":"manastireaantim","image":{"@type":"ImageObject","inLanguage":"en-GB","@id":"https:\/\/manastireaantim.ro\/#\/schema\/person\/image\/","url":"https:\/\/manastireaantim.ro\/wp-content\/litespeed\/avatar\/a30ba4dd6d65784dc2d2bad47ba85f1b.jpg?ver=1777431836","contentUrl":"https:\/\/manastireaantim.ro\/wp-content\/litespeed\/avatar\/a30ba4dd6d65784dc2d2bad47ba85f1b.jpg?ver=1777431836","caption":"manastireaantim"},"sameAs":["https:\/\/manastireaantim.ro"],"url":"https:\/\/manastireaantim.ro\/en\/author\/manastireaantim\/"}]}},"_links":{"self":[{"href":"https:\/\/manastireaantim.ro\/en\/wp-json\/wp\/v2\/posts\/1","targetHints":{"allow":["GET"]}}],"collection":[{"href":"https:\/\/manastireaantim.ro\/en\/wp-json\/wp\/v2\/posts"}],"about":[{"href":"https:\/\/manastireaantim.ro\/en\/wp-json\/wp\/v2\/types\/post"}],"author":[{"embeddable":true,"href":"https:\/\/manastireaantim.ro\/en\/wp-json\/wp\/v2\/users\/1"}],"replies":[{"embeddable":true,"href":"https:\/\/manastireaantim.ro\/en\/wp-json\/wp\/v2\/comments?post=1"}],"version-history":[{"count":0,"href":"https:\/\/manastireaantim.ro\/en\/wp-json\/wp\/v2\/posts\/1\/revisions"}],"wp:attachment":[{"href":"https:\/\/manastireaantim.ro\/en\/wp-json\/wp\/v2\/media?parent=1"}],"wp:term":[{"taxonomy":"category","embeddable":true,"href":"https:\/\/manastireaantim.ro\/en\/wp-json\/wp\/v2\/categories?post=1"},{"taxonomy":"post_tag","embeddable":true,"href":"https:\/\/manastireaantim.ro\/en\/wp-json\/wp\/v2\/tags?post=1"}],"curies":[{"name":"wp","href":"https:\/\/api.w.org\/{rel}","templated":true}]}}